{"id":125131,"date":"2022-03-31T10:19:40","date_gmt":"2022-03-31T08:19:40","guid":{"rendered":"https:\/\/www.orosound.com\/?p=125131"},"modified":"2022-03-31T14:53:41","modified_gmt":"2022-03-31T12:53:41","slug":"hypersensibilite-au-bruit","status":"publish","type":"post","link":"https:\/\/www.orosound.com\/fr\/hypersensibilite-au-bruit\/","title":{"rendered":"Quelle solution \u00e0 l&rsquo;hypersensibilit\u00e9 au bruit ?"},"content":{"rendered":"<p>[et_pb_section fb_built=\u00a0\u00bb1&Prime; _builder_version=\u00a0\u00bb3.22&Prime; global_colors_info=\u00a0\u00bb{}\u00a0\u00bb collapsed=\u00a0\u00bbon\u00a0\u00bb][et_pb_row _builder_version=\u00a0\u00bb3.25&Prime; background_size=\u00a0\u00bbinitial\u00a0\u00bb background_position=\u00a0\u00bbtop_left\u00a0\u00bb background_repeat=\u00a0\u00bbrepeat\u00a0\u00bb global_colors_info=\u00a0\u00bb{}\u00a0\u00bb collapsed=\u00a0\u00bbon\u00a0\u00bb][et_pb_column type=\u00a0\u00bb4_4&Prime; _builder_version=\u00a0\u00bb3.25&Prime; custom_padding=\u00a0\u00bb|||\u00a0\u00bb global_colors_info=\u00a0\u00bb{}\u00a0\u00bb custom_padding__hover=\u00a0\u00bb|||\u00a0\u00bb][et_pb_text _builder_version=\u00a0\u00bb3.27.4&Prime; header_2_font=\u00a0\u00bbRoboto|700|||||||\u00a0\u00bb header_2_text_color=\u00a0\u00bb#26697b\u00a0\u00bb header_2_font_size=\u00a0\u00bb22px\u00a0\u00bb header_2_line_height=\u00a0\u00bb1.5em\u00a0\u00bb header_3_font=\u00a0\u00bbRoboto|500|||||||\u00a0\u00bb header_3_font_size=\u00a0\u00bb18px\u00a0\u00bb header_3_line_height=\u00a0\u00bb1.5em\u00a0\u00bb z_index_tablet=\u00a0\u00bb500&Prime; text_text_shadow_horizontal_length_tablet=\u00a0\u00bb0px\u00a0\u00bb text_text_shadow_vertical_length_tablet=\u00a0\u00bb0px\u00a0\u00bb text_text_shadow_blur_strength_tablet=\u00a0\u00bb1px\u00a0\u00bb link_text_shadow_horizontal_length_tablet=\u00a0\u00bb0px\u00a0\u00bb link_text_shadow_vertical_length_tablet=\u00a0\u00bb0px\u00a0\u00bb link_text_shadow_blur_strength_tablet=\u00a0\u00bb1px\u00a0\u00bb ul_text_shadow_horizontal_length_tablet=\u00a0\u00bb0px\u00a0\u00bb ul_text_shadow_vertical_length_tablet=\u00a0\u00bb0px\u00a0\u00bb ul_text_shadow_blur_strength_tablet=\u00a0\u00bb1px\u00a0\u00bb ol_text_shadow_horizontal_length_tablet=\u00a0\u00bb0px\u00a0\u00bb ol_text_shadow_vertical_length_tablet=\u00a0\u00bb0px\u00a0\u00bb ol_text_shadow_blur_strength_tablet=\u00a0\u00bb1px\u00a0\u00bb quote_text_shadow_horizontal_length_tablet=\u00a0\u00bb0px\u00a0\u00bb quote_text_shadow_vertical_length_tablet=\u00a0\u00bb0px\u00a0\u00bb quote_text_shadow_blur_strength_tablet=\u00a0\u00bb1px\u00a0\u00bb header_text_shadow_horizontal_length_tablet=\u00a0\u00bb0px\u00a0\u00bb header_text_shadow_vertical_length_tablet=\u00a0\u00bb0px\u00a0\u00bb header_text_shadow_blur_strength_tablet=\u00a0\u00bb1px\u00a0\u00bb header_2_text_shadow_horizontal_length_tablet=\u00a0\u00bb0px\u00a0\u00bb header_2_text_shadow_vertical_length_tablet=\u00a0\u00bb0px\u00a0\u00bb header_2_text_shadow_blur_strength_tablet=\u00a0\u00bb1px\u00a0\u00bb header_3_text_shadow_horizontal_length_tablet=\u00a0\u00bb0px\u00a0\u00bb header_3_text_shadow_vertical_length_tablet=\u00a0\u00bb0px\u00a0\u00bb header_3_text_shadow_blur_strength_tablet=\u00a0\u00bb1px\u00a0\u00bb header_4_text_shadow_horizontal_length_tablet=\u00a0\u00bb0px\u00a0\u00bb header_4_text_shadow_vertical_length_tablet=\u00a0\u00bb0px\u00a0\u00bb header_4_text_shadow_blur_strength_tablet=\u00a0\u00bb1px\u00a0\u00bb header_5_text_shadow_horizontal_length_tablet=\u00a0\u00bb0px\u00a0\u00bb header_5_text_shadow_vertical_length_tablet=\u00a0\u00bb0px\u00a0\u00bb header_5_text_shadow_blur_strength_tablet=\u00a0\u00bb1px\u00a0\u00bb header_6_text_shadow_horizontal_length_tablet=\u00a0\u00bb0px\u00a0\u00bb header_6_text_shadow_vertical_length_tablet=\u00a0\u00bb0px\u00a0\u00bb header_6_text_shadow_blur_strength_tablet=\u00a0\u00bb1px\u00a0\u00bb box_shadow_horizontal_tablet=\u00a0\u00bb0px\u00a0\u00bb box_shadow_vertical_tablet=\u00a0\u00bb0px\u00a0\u00bb box_shadow_blur_tablet=\u00a0\u00bb40px\u00a0\u00bb box_shadow_spread_tablet=\u00a0\u00bb0px\u00a0\u00bb global_colors_info=\u00a0\u00bb{}\u00a0\u00bb]<\/p>\n<p>Jennifer a 34 ans et a \u00e9t\u00e9 diagnostiqu\u00e9e autiste Asperger \u00e0 l&rsquo;\u00e2ge adulte, en m\u00eame temps que ses deux filles. <strong>Son autisme se caract\u00e9rise notamment par une hypersensibilit\u00e9 au bruit.<\/strong> Elle revient sur une solution qui lui permet de vivre un quotidien plus agr\u00e9able.<\/p>\n<p>\u00a0<\/p>\n<h2>Comment se caract\u00e9risent les formes d&rsquo;autisme Asperger au sein de votre famille ?<\/h2>\n<p>Ma fille cadette a commenc\u00e9 \u00e0 pr\u00e9senter des sp\u00e9cificit\u00e9s assez t\u00f4t, d&rsquo;abord en \u00e9tant tr\u00e8s intransigeante. <strong>Elle s&rsquo;est mise \u00e0 r\u00e9agir <a href=\"https:\/\/www.orosound.com\/fr\/bruit-au-quotidien\/\" target=\"_blank\" rel=\"noopener noreferrer\">aux bruits<\/a> d&rsquo;une fa\u00e7on \u00e9tonnante, en allant se cacher et en se mettant en boule.<\/strong> Les p\u00e9diatres n&rsquo;ont rien vu. Finalement, avec mon conjoint, nous nous sommes orient\u00e9s vers un psychiatre sp\u00e9cialis\u00e9 en autisme, pour mes filles et moi.<\/p>\n<p><strong>De mon c\u00f4t\u00e9, mes crises se passent de diff\u00e9rentes mani\u00e8res.<\/strong> Par exemple, ce matin mes filles parlaient en m\u00eame temps, criaient et ne m&rsquo;entendaient pas dire \u00ab stop ! \u00bb. Quand cela arrive, quand j&rsquo;atteins mes limites, je me mets \u00e0 hurler. <strong>Mon cerveau se met alors en mode shutdown, devient inaccessible, je deviens un \u00eatre irraisonn\u00e9.<\/strong> J&rsquo;ai aussi d\u2019autres sp\u00e9cificit\u00e9s, comme la sensibilit\u00e9 \u00e0 la lumi\u00e8re. Plus qu&rsquo;une hypersensibilit\u00e9 au bruit, il s\u2019agit d\u2019une <strong>hypersensibilit\u00e9 sensorielle d&rsquo;une mani\u00e8re g\u00e9n\u00e9rale.<\/strong><\/p>\n<p>\u00a0<\/p>\n<h2>Quelles autres incidences a votre hypersensibilit\u00e9 au bruit sur votre quotidien ?<\/h2>\n<p>Je vis en ville alors en ce moment m\u00eame, <strong>alors que je suis en train de vous parler, le souffleur de feuilles g\u00e8ne ma conversation.<\/strong> Les bruits sont amplifi\u00e9s, il n&rsquo;y a pas de filtre. Dans un caf\u00e9, j\u2019entends autant la personne qui est en cuisine, que ma conversation, ou les gens autour de moi.<strong> Paradoxalement, quand je suis dans ma voiture, je mets le volume de la musique tr\u00e8s fort<\/strong>, car c&rsquo;est une source de bruit que j\u2019ai choisie, que je trouve agr\u00e9able.<\/p>\n<p>\u00a0<\/p>\n<h2>Comment avez-vous connu <a href=\"https:\/\/www.orosound.com\/fr\/ecouteurs-tilde\/\">les \u00e9couteurs Tilde\u00ae<\/a> ?<\/h2>\n<p>J&rsquo;avais partag\u00e9 un article \u00e0 ce sujet sur Facebook et, suite \u00e0 cela, Orosound m&rsquo;a contact\u00e9e directement, <strong>pensant que les \u00e9couteurs Tilde\u00ae pourraient avoir un int\u00e9r\u00eat pour les autistes.<\/strong> Habituellement, \u00e0 la maison, on met des casques anti-bruit classiques, ma fille en porte un pour lire par exemple. Mais, en tant qu\u2019adulte, je ne me vois pas sortir avec un gros casque sur les oreilles, car la communication \u00e0 l\u2019ext\u00e9rieur serait alors impossible.<\/p>\n<p>Tilde\u00ae a vraiment la fonction id\u00e9ale : il diminue le bruit mais permet de conserver la facult\u00e9 de communiquer. Il a aussi une esth\u00e9tique beaucoup plus sympathique ! <strong>On peut facilement le cacher et ne pas avoir \u00e0 s&rsquo;expliquer sur son \u00e9quipement.<\/strong><\/p>\n<p>\u00a0<\/p>\n<h2>Combien de temps avez-vous test\u00e9 les \u00e9couteurs Tilde\u00ae ? Et avec quelles fonctionnalit\u00e9s (r\u00e9duction de bruit ou filtrage de la parole, t\u00e9l\u00e9phonie) ?<\/h2>\n<p><strong>J&rsquo;ai pu les tester pendant 4 semaines, et je les ai port\u00e9s partout !<\/strong> M\u00eame au restaurant pour avoir des discussions plus faciles, ou encore \u00e0 la sortie de l\u2019\u00e9cole. C&rsquo;est d&rsquo;ailleurs le pire moment de ma journ\u00e9e d&rsquo;habitude : les parents parlent tous ensemble, les enfants crient, c&rsquo;est ing\u00e9rable. <strong>Mais utiliser la fonction \u00ab r\u00e9duction de bruit \u00bb m\u2019a permis de participer et d\u2019appr\u00e9cier une sortie d\u2019\u00e9cole, d&rsquo;y avoir des conversations.<\/strong> Sans les \u00e9couteurs, je montre beaucoup de signes d\u2019impatience envers mes enfants. Mais avec les \u00e9couteurs, j\u2019ai pu leur donner du temps, r\u00e9duire cet inconv\u00e9nient du bruit de mani\u00e8re importante.<\/p>\n<p>Je les ai aussi utilis\u00e9s \u00e0 la maison, pour couper le son de l\u2019aspirateur, en \u00e9coutant de la musique tout en r\u00e9duisant le bruit. Je les portais aussi pendant que mes filles jouaient, criaient, de sorte \u00e0 filtrer les bruits,<strong> tout en pouvant les entendre, mais avec une intensit\u00e9 beaucoup moins importante.<\/strong><\/p>\n<p>\u00a0<\/p>\n<h2>Qu&rsquo;est-ce que vous attendiez en testant cette solution ? Quels b\u00e9n\u00e9fices avez-vous pu noter ?<\/h2>\n<p>Avec eux, j&rsquo;\u00e9tais beaucoup moins irritable. Car encore une fois, le bruit est une telle source de souffrance&#8230; Ma patience s\u2019\u00e9tire jusqu\u2019\u00e0 c\u00e9der.<strong> Lors de certaines conversations, je suis donc compl\u00e8tement absente. Ce qui n\u2019arrive pas avec les \u00e9couteurs Tilde\u00ae.<\/strong> J\u2019ai m\u00eame pu suivre une conversation dans le m\u00e9tro, alors que t\u00e9l\u00e9phoner avec ce bruit \u00e9tait auparavant inimaginable.<\/p>\n<p>\u00a0<\/p>\n<h2>Seriez-vous pr\u00eate \u00e0 recommander cette solution ?<\/h2>\n<p>Je les ai recommand\u00e9s dans un groupe consacr\u00e9 aux autistes sur Facebook et sur Twitter. <strong>Je l\u2019ai fait pour des parents concern\u00e9s par ce probl\u00e8me car ces \u00e9couteurs peuvent apporter \u00e0 leurs enfants beaucoup de s\u00e9r\u00e9nit\u00e9.<\/strong> Je pense aussi que cela pourrait aider des \u00e9tudiants qui pr\u00e9sentent un profil d\u2019autiste pour trouver un bien-\u00eatre et pour suivre leurs cours dans de bonnes conditions.<\/p>\n<p><a href=\"https:\/\/asperger.autisme.ch\/syndrome\" target=\"_blank\" rel=\"noopener noreferrer\">En savoir plus sur les autistes Asperger.<\/a><\/p>\n<p>[\/et_pb_text][et_pb_post_nav in_same_term=\u00a0\u00bboff\u00a0\u00bb prev_text=\u00a0\u00bbPr\u00e9c\u00e9dent\u00a0\u00bb next_text=\u00a0\u00bbSuivant\u00a0\u00bb _builder_version=\u00a0\u00bb3.23.1&Prime; z_index_tablet=\u00a0\u00bb500&Prime; title_text_shadow_horizontal_length_tablet=\u00a0\u00bb0px\u00a0\u00bb title_text_shadow_vertical_length_tablet=\u00a0\u00bb0px\u00a0\u00bb title_text_shadow_blur_strength_tablet=\u00a0\u00bb1px\u00a0\u00bb box_shadow_horizontal_tablet=\u00a0\u00bb0px\u00a0\u00bb box_shadow_vertical_tablet=\u00a0\u00bb0px\u00a0\u00bb box_shadow_blur_tablet=\u00a0\u00bb40px\u00a0\u00bb box_shadow_spread_tablet=\u00a0\u00bb0px\u00a0\u00bb global_colors_info=\u00a0\u00bb{}\u00a0\u00bb][\/et_pb_post_nav][\/et_pb_column][\/et_pb_row][\/et_pb_section]<\/p>\n<span class=\"et_bloom_bottom_trigger\"><\/span>","protected":false},"excerpt":{"rendered":"<p>Jennifer a 34 ans et a \u00e9t\u00e9 diagnostiqu\u00e9e autiste Asperger \u00e0 l&rsquo;\u00e2ge adulte, en m\u00eame temps que ses deux filles. Son autisme se caract\u00e9rise notamment par une hypersensibilit\u00e9 au bruit. Elle revient sur une solution qui lui permet de vivre un quotidien plus agr\u00e9able.\u00a0Comment se caract\u00e9risent les formes d&rsquo;autisme Asperger au sein de votre famille [&hellip;]<\/p>\n","protected":false},"author":2,"featured_media":133509,"comment_status":"closed","ping_status":"open","sticky":false,"template":"","format":"standard","meta":{"_acf_changed":false,"_seopress_robots_primary_cat":"none","_seopress_titles_title":"Hypersensibilit\u00e9 au bruit : quelle solution pour am\u00e9liorer son quotidien ?","_seopress_titles_desc":"Jennifer a 34 ans et a \u00e9t\u00e9 diagnostiqu\u00e9e autiste Asperger. Son autisme se caract\u00e9rise par une hypersensibilit\u00e9 au bruit. T\u00e9moigagne.","_seopress_robots_index":"","_et_pb_use_builder":"on","_et_pb_old_content":"Jennifer a 34 ans et a \u00e9t\u00e9 diagnostiqu\u00e9e autiste Asperger \u00e0 l'\u00e2ge adulte, en m\u00eame temps que ses deux filles. Son autisme se caract\u00e9rise notamment par une hypersensibilit\u00e9 au bruit. Elle revient sur une solution qui lui permet de vivre un quotidien plus agr\u00e9able.\r\n \r\n \r\n<h2>Comment se caract\u00e9risent les formes d'autisme Asperger au sein de votre famille ?<\/h2>\r\n \r\nMa fille cadette a commenc\u00e9 \u00e0 pr\u00e9senter des sp\u00e9cificit\u00e9s assez t\u00f4t, d'abord en \u00e9tant tr\u00e8s intransigeante. Elle s'est mise \u00e0 r\u00e9agir aux bruits d'une fa\u00e7on \u00e9tonnante, en allant se cacher et en se mettant en boule. Les p\u00e9diatres n'ont rien vu. Finalement, avec mon conjoint, nous nous sommes orient\u00e9s vers un psychiatre sp\u00e9cialis\u00e9 en autisme, pour mes filles et moi.\r\n \r\nDe mon c\u00f4t\u00e9, mes crises se passent de diff\u00e9rentes mani\u00e8res. Par exemple, ce matin mes filles parlaient en m\u00eame temps, criaient et ne m'entendaient pas dire \u00ab stop ! \u00bb. Quand cela arrive, quand j'atteins mes limites, je me mets \u00e0 hurler. Mon cerveau se met alors en mode shutdown, devient inaccessible, je deviens un \u00eatre irraisonn\u00e9. J'ai aussi d\u2019autres sp\u00e9cificit\u00e9s, comme la sensibilit\u00e9 \u00e0 la lumi\u00e8re. Il s\u2019agit donc d\u2019une hypersensibilit\u00e9 sensorielle d'une mani\u00e8re g\u00e9n\u00e9rale.\r\n \r\n<h2>Quelles autres incidences a le bruit sur votre quotidien ?<\/h2>\r\n \r\nJe vis en ville alors en ce moment m\u00eame, alors que je suis en train de vous parler, le souffleur de feuilles g\u00e8ne ma conversation. Les bruits sont amplifi\u00e9s, il n'y a pas de filtre. Dans un caf\u00e9, j\u2019entends autant la personne qui est en cuisine, que ma conversation, ou les gens autour de moi. Paradoxalement, quand je suis dans ma voiture, je mets le volume de la musique tr\u00e8s fort, car c'est une source de bruit que j\u2019ai choisie, que je trouve agr\u00e9able.\r\n \r\n \r\n<h2>Comment avez-vous connu les \u00e9couteurs Tilde\u00ae ?<\/h2>\r\n \r\nJ'avais partag\u00e9 un article \u00e0 ce sujet sur Facebook et, suite \u00e0 cela, Orosound m'a contact\u00e9e directement, pensant que les \u00e9couteurs Tilde\u00ae pourraient avoir un int\u00e9r\u00eat pour les autistes. Habituellement, \u00e0 la maison, on met des casques anti-bruit classiques, ma fille en porte un pour lire par exemple. Mais, en tant qu\u2019adulte, je ne me vois pas sortir avec un gros casque sur les oreilles, car la communication \u00e0 l\u2019ext\u00e9rieur serait alors impossible.\r\n \r\nTilde\u00ae a vraiment la fonction id\u00e9ale : il diminue le bruit mais permet de conserver la facult\u00e9 de communiquer. Il a aussi une esth\u00e9tique beaucoup plus sympathique ! On peut facilement le cacher et ne pas avoir \u00e0 s'expliquer sur son \u00e9quipement.\r\n \r\n<h2>Combien de temps avez-vous test\u00e9 les \u00e9couteurs Tilde\u00ae ? Et avec quelles fonctionnalit\u00e9s (r\u00e9duction de bruit ou filtrage de la parole, t\u00e9l\u00e9phonie) ?<\/h2>\r\n \r\nJ'ai pu les tester pendant 4 semaines, et je les ai port\u00e9s partout ! M\u00eame au restaurant pour avoir des discussions plus faciles, ou encore \u00e0 la sortie de l\u2019\u00e9cole. C'est d'ailleurs le pire moment de ma journ\u00e9e d'habitude : les parents parlent tous ensemble, les enfants crient, c'est ing\u00e9rable. Mais utiliser la fonction \u00ab r\u00e9duction de bruit \u00bb m\u2019a permis de participer et d\u2019appr\u00e9cier une sortie d\u2019\u00e9cole, d'y avoir des conversations. Sans les \u00e9couteurs, je montre beaucoup de signes d\u2019impatience envers mes enfants. Mais avec les \u00e9couteurs, j\u2019ai pu leur donner du temps, r\u00e9duire cet inconv\u00e9nient du bruit de mani\u00e8re importante. \r\n \r\nJe les ai aussi utilis\u00e9s \u00e0 la maison, pour couper le son de l\u2019aspirateur, en \u00e9coutant de la musique tout en r\u00e9duisant le bruit. Je les portais aussi pendant que mes filles jouaient, criaient, de sorte \u00e0 filtrer les bruits, tout en pouvant les entendre, mais avec une intensit\u00e9 beaucoup moins importante.\r\n \r\n \r\n<h2>Qu'est-ce que vous attendiez en testant cette solution ? Quels b\u00e9n\u00e9fices avez-vous pu noter ?<\/h2>\r\n \r\nAvec eux, j'\u00e9tais beaucoup moins irritable. Car encore une fois, le bruit est une telle source de souffrance... Ma patience s\u2019\u00e9tire jusqu\u2019\u00e0 c\u00e9der. Lors de certaines conversations, je suis donc compl\u00e8tement absente. Ce qui n\u2019arrive pas avec les \u00e9couteurs Tilde\u00ae. J\u2019ai m\u00eame pu suivre une conversation dans le m\u00e9tro, alors que t\u00e9l\u00e9phoner avec ce bruit \u00e9tait auparavant inimaginable.\r\n \r\n \r\n<h2>Seriez-vous pr\u00eate \u00e0 recommander cette solution ?<\/h2>\r\n \r\nJe les ai recommand\u00e9s dans un groupe d\u2019autistes sur Facebook et sur Twitter. Je l\u2019ai fait pour des parents concern\u00e9s par ce probl\u00e8me car ces \u00e9couteurs peuvent apporter \u00e0 leurs enfants beaucoup de s\u00e9r\u00e9nit\u00e9. Je pense aussi que cela pourrait aider des \u00e9tudiants qui pr\u00e9sentent un profil d\u2019autiste pour trouver un bien-\u00eatre et pour suivre leurs cours dans de bonnes conditions.","_et_gb_content_width":"","footnotes":""},"categories":[258],"tags":[],"acf":[],"_links":{"self":[{"href":"https:\/\/www.orosound.com\/fr\/wp-json\/wp\/v2\/posts\/125131"}],"collection":[{"href":"https:\/\/www.orosound.com\/fr\/wp-json\/wp\/v2\/posts"}],"about":[{"href":"https:\/\/www.orosound.com\/fr\/wp-json\/wp\/v2\/types\/post"}],"author":[{"embeddable":true,"href":"https:\/\/www.orosound.com\/fr\/wp-json\/wp\/v2\/users\/2"}],"replies":[{"embeddable":true,"href":"https:\/\/www.orosound.com\/fr\/wp-json\/wp\/v2\/comments?post=125131"}],"version-history":[{"count":2,"href":"https:\/\/www.orosound.com\/fr\/wp-json\/wp\/v2\/posts\/125131\/revisions"}],"predecessor-version":[{"id":133512,"href":"https:\/\/www.orosound.com\/fr\/wp-json\/wp\/v2\/posts\/125131\/revisions\/133512"}],"wp:featuredmedia":[{"embeddable":true,"href":"https:\/\/www.orosound.com\/fr\/wp-json\/wp\/v2\/media\/133509"}],"wp:attachment":[{"href":"https:\/\/www.orosound.com\/fr\/wp-json\/wp\/v2\/media?parent=125131"}],"wp:term":[{"taxonomy":"category","embeddable":true,"href":"https:\/\/www.orosound.com\/fr\/wp-json\/wp\/v2\/categories?post=125131"},{"taxonomy":"post_tag","embeddable":true,"href":"https:\/\/www.orosound.com\/fr\/wp-json\/wp\/v2\/tags?post=125131"}],"curies":[{"name":"wp","href":"https:\/\/api.w.org\/{rel}","templated":true}]}}