{"id":124603,"date":"2018-11-27T16:23:22","date_gmt":"2018-11-27T15:23:22","guid":{"rendered":"https:\/\/www.orosound.com\/?p=124603"},"modified":"2023-09-19T12:10:50","modified_gmt":"2023-09-19T10:10:50","slug":"environnement-sonore-au-travail","status":"publish","type":"post","link":"https:\/\/www.orosound.com\/fr\/environnement-sonore-au-travail\/","title":{"rendered":"Environnement sonore au travail : le gouvernement s\u2019attaque au probl\u00e8me du bruit"},"content":{"rendered":"<p>[et_pb_section fb_built=\u00a0\u00bb1&Prime; _builder_version=\u00a0\u00bb4.16&Prime; collapsed=\u00a0\u00bbon\u00a0\u00bb global_colors_info=\u00a0\u00bb{}\u00a0\u00bb][et_pb_row _builder_version=\u00a0\u00bb4.16&Prime; background_size=\u00a0\u00bbinitial\u00a0\u00bb background_position=\u00a0\u00bbtop_left\u00a0\u00bb background_repeat=\u00a0\u00bbrepeat\u00a0\u00bb global_colors_info=\u00a0\u00bb{}\u00a0\u00bb][et_pb_column type=\u00a0\u00bb4_4&Prime; _builder_version=\u00a0\u00bb4.16&Prime; custom_padding=\u00a0\u00bb|||\u00a0\u00bb global_colors_info=\u00a0\u00bb{}\u00a0\u00bb custom_padding__hover=\u00a0\u00bb|||\u00a0\u00bb][et_pb_text _builder_version=\u00a0\u00bb4.21.0&Prime; header_2_font=\u00a0\u00bbRoboto|700|||||||\u00a0\u00bb header_2_text_color=\u00a0\u00bb#26697b\u00a0\u00bb header_2_font_size=\u00a0\u00bb20px\u00a0\u00bb header_2_line_height=\u00a0\u00bb1.5em\u00a0\u00bb hover_enabled=\u00a0\u00bb0&Prime; global_colors_info=\u00a0\u00bb{}\u00a0\u00bb sticky_enabled=\u00a0\u00bb0&Prime;]<\/p>\n<p><strong>Avec le soutien des Minist\u00e8res du Travail et de la Sant\u00e9, le <a href=\"http:\/\/www.bruit.fr\/\" target=\"_blank\" rel=\"noopener\">Centre d\u2019Information sur le Bruit (CidB)<\/a> organise ce mercredi 28 novembre une journ\u00e9e consacr\u00e9e \u00e0 l\u2019environnement sonore au travail ainsi qu\u2019aux risques de sant\u00e9 associ\u00e9s \u00e0 une exposition \u00e9lev\u00e9e et\/ou prolong\u00e9e au bruit dans le cadre du travail.<\/strong><\/p>\n<p>&nbsp;<\/p>\n<h2>L\u2019environnement sonore au travail au c\u0153ur des d\u00e9bats<\/h2>\n<p>Ce colloque sur l\u2019environnement sonore au travail pr\u00e9sente un double objectif : <strong>r\u00e9aliser un \u00e9tat des lieux des nuisances sonores en France, et proposer des pistes d\u2019am\u00e9lioration aux professionnels de la pr\u00e9vention<\/strong> afin de r\u00e9soudre cette probl\u00e9matique soci\u00e9tale.<\/p>\n<p>En ouverture de l\u2019\u00e9v\u00e9nement seront pr\u00e9sent\u00e9s <strong>les effets du bruit sur le bien-\u00eatre et l\u2019efficacit\u00e9 au travail<\/strong>, notamment au travers des \u00e9tudes men\u00e9es par la JNA \u00e0 l\u2019occasion de <a href=\"https:\/\/www.orosound.com\/fr\/sante-auditive-au-travail\/\">la semaine de la sant\u00e9 auditive au travail<\/a>. <strong>Des professionnels de tous horizons (INRS, CidB, CNB, Fondation pour l\u2019audition, etc.) s\u2019attacheront ensuite \u00e0 \u00e9voquer les enjeux, les risques et les solutions \u00e0 mettre en \u0153uvre<\/strong> afin de r\u00e9soudre le probl\u00e8me du bruit dans diff\u00e9rents environnements de travail :<\/p>\n<ul>\n<li>le <a href=\"https:\/\/www.orosound.com\/fr\/confort-acoustique-en-open-space\/\">confort acoustique dans les nouveaux espaces de travail<\/a> tels que l\u2019open space, le flex-office ou le coworking.<\/li>\n<li>la gestion du bruit dans les restaurants et cantines scolaires.<\/li>\n<li>l\u2019acc\u00e8s au monde du travail pour les personnes souffrant de probl\u00e8mes d\u2019audition.<\/li>\n<\/ul>\n<p>Enfin, la journ\u00e9e se terminera sur un atelier portant sur <strong>le r\u00f4le que peut prendre les nouvelles technologies dans la gestion du <a href=\"https:\/\/www.orosound.com\/fr\/bruit-en-open-space\/\">bruit au bureau<\/a> <\/strong>et les opportunit\u00e9s offertes par ces solutions.<\/p>\n<p>&nbsp;<\/p>\n<h2>Un \u00e9v\u00e9nement \u00e0 destination des professionnels experts en pr\u00e9vention<\/h2>\n<p>Chaque jour, des millions de personnes sont expos\u00e9es aux nuisances sonores. <strong>Nuisances qui peuvent avoir un impact n\u00e9gatif sur leur \u00e9tat de sant\u00e9.<\/strong> Stress, fatigue, nervosit\u00e9, risques auditifs et maladies cardiovasculaires sont autant de cons\u00e9quences n\u00e9fastes que peut engendrer un bruit trop \u00e9lev\u00e9 et trop r\u00e9gulier au quotidien.<\/p>\n<p>Non contents de provoquer un absent\u00e9isme r\u00e9current et d\u2019impacter la productivit\u00e9 des entreprises, ces probl\u00e8mes peuvent \u00e9galement provoquer de r\u00e9els accidents du travail. Les salari\u00e9s perdent globalement en <a href=\"https:\/\/www.orosound.com\/fr\/bonheur-bien-etre-au-travail\/\">satisfaction et bonheur au travail<\/a>, ce qui se r\u00e9percute \u00e9galement sur leur vie priv\u00e9e. <strong>Il y a donc l\u00e0 un double enjeu, \u00e0 la fois social et \u00e9conomique, pris tr\u00e8s au s\u00e9rieux par le gouvernement.<\/strong><\/p>\n<p>L\u2019environnement sonore au travail est donc un probl\u00e8me de fond, que ce colloque du CidB vise \u00e0 explorer afin de fournir aux professionnels concern\u00e9s les pistes n\u00e9cessaires pour am\u00e9liorer le bien-\u00eatre des occupants. <strong>Parmi eux, on peut notamment citer les m\u00e9decins du travail, les DRH, les CHSCH, les managers, les professionnels de l\u2019acoustique et de l\u2019audition ou encore les ergonomes.<\/strong><\/p>\n<p>[\/et_pb_text][\/et_pb_column][\/et_pb_row][et_pb_row _builder_version=\u00a0\u00bb4.16&Prime; background_size=\u00a0\u00bbinitial\u00a0\u00bb background_position=\u00a0\u00bbtop_left\u00a0\u00bb background_repeat=\u00a0\u00bbrepeat\u00a0\u00bb global_colors_info=\u00a0\u00bb{}\u00a0\u00bb][et_pb_column type=\u00a0\u00bb4_4&Prime; _builder_version=\u00a0\u00bb4.16&Prime; custom_padding=\u00a0\u00bb|||\u00a0\u00bb global_colors_info=\u00a0\u00bb{}\u00a0\u00bb custom_padding__hover=\u00a0\u00bb|||\u00a0\u00bb][et_pb_post_nav in_same_term=\u00a0\u00bboff\u00a0\u00bb prev_text=\u00a0\u00bbPr\u00e9c\u00e9dent\u00a0\u00bb next_text=\u00a0\u00bbSuivant\u00a0\u00bb _builder_version=\u00a0\u00bb4.16&Prime; global_colors_info=\u00a0\u00bb{}\u00a0\u00bb][\/et_pb_post_nav][\/et_pb_column][\/et_pb_row][\/et_pb_section]<\/p>\n<span class=\"et_bloom_bottom_trigger\"><\/span>","protected":false},"excerpt":{"rendered":"<p>Avec le soutien des Minist\u00e8res du Travail et de la Sant\u00e9, le Centre d\u2019Information sur le Bruit (CidB) organise ce mercredi 28 novembre une journ\u00e9e consacr\u00e9e \u00e0 l\u2019environnement sonore au travail ainsi qu\u2019aux risques de sant\u00e9 associ\u00e9s \u00e0 une exposition \u00e9lev\u00e9e et\/ou prolong\u00e9e au bruit dans le cadre du travail. &nbsp; L\u2019environnement sonore au travail [&hellip;]<\/p>\n","protected":false},"author":2,"featured_media":124604,"comment_status":"closed","ping_status":"open","sticky":false,"template":"","format":"standard","meta":{"_acf_changed":false,"_seopress_robots_primary_cat":"none","_seopress_titles_title":"Environnement sonore au travail : un colloque organis\u00e9 par le CidB","_seopress_titles_desc":"Le gouvernement s\u2019attaque \u00e0 l\u2019enjeu de l\u2019environnement sonore au travail au travers d\u2019un colloque organis\u00e9 par le CidB.","_seopress_robots_index":"","_et_pb_use_builder":"on","_et_pb_old_content":"","_et_gb_content_width":"","footnotes":""},"categories":[186,258],"tags":[],"acf":[],"_links":{"self":[{"href":"https:\/\/www.orosound.com\/fr\/wp-json\/wp\/v2\/posts\/124603"}],"collection":[{"href":"https:\/\/www.orosound.com\/fr\/wp-json\/wp\/v2\/posts"}],"about":[{"href":"https:\/\/www.orosound.com\/fr\/wp-json\/wp\/v2\/types\/post"}],"author":[{"embeddable":true,"href":"https:\/\/www.orosound.com\/fr\/wp-json\/wp\/v2\/users\/2"}],"replies":[{"embeddable":true,"href":"https:\/\/www.orosound.com\/fr\/wp-json\/wp\/v2\/comments?post=124603"}],"version-history":[{"count":2,"href":"https:\/\/www.orosound.com\/fr\/wp-json\/wp\/v2\/posts\/124603\/revisions"}],"predecessor-version":[{"id":134987,"href":"https:\/\/www.orosound.com\/fr\/wp-json\/wp\/v2\/posts\/124603\/revisions\/134987"}],"wp:featuredmedia":[{"embeddable":true,"href":"https:\/\/www.orosound.com\/fr\/wp-json\/wp\/v2\/media\/124604"}],"wp:attachment":[{"href":"https:\/\/www.orosound.com\/fr\/wp-json\/wp\/v2\/media?parent=124603"}],"wp:term":[{"taxonomy":"category","embeddable":true,"href":"https:\/\/www.orosound.com\/fr\/wp-json\/wp\/v2\/categories?post=124603"},{"taxonomy":"post_tag","embeddable":true,"href":"https:\/\/www.orosound.com\/fr\/wp-json\/wp\/v2\/tags?post=124603"}],"curies":[{"name":"wp","href":"https:\/\/api.w.org\/{rel}","templated":true}]}}