{"id":124336,"date":"2018-10-15T15:44:10","date_gmt":"2018-10-15T13:44:10","guid":{"rendered":"https:\/\/www.orosound.com\/?p=124336"},"modified":"2022-03-31T10:58:35","modified_gmt":"2022-03-31T08:58:35","slug":"sante-auditive-au-travail","status":"publish","type":"post","link":"https:\/\/www.orosound.com\/fr\/sante-auditive-au-travail\/","title":{"rendered":"Semaine de la sant\u00e9 Auditive au Travail : la JNA dresse son bilan 2018"},"content":{"rendered":"<p>[et_pb_section fb_built=\u00a0\u00bb1&Prime; _builder_version=\u00a0\u00bb3.22&Prime; global_colors_info=\u00a0\u00bb{}\u00a0\u00bb][et_pb_row _builder_version=\u00a0\u00bb3.25&Prime; background_size=\u00a0\u00bbinitial\u00a0\u00bb background_position=\u00a0\u00bbtop_left\u00a0\u00bb background_repeat=\u00a0\u00bbrepeat\u00a0\u00bb global_colors_info=\u00a0\u00bb{}\u00a0\u00bb][et_pb_column type=\u00a0\u00bb4_4&Prime; _builder_version=\u00a0\u00bb3.25&Prime; custom_padding=\u00a0\u00bb|||\u00a0\u00bb global_colors_info=\u00a0\u00bb{}\u00a0\u00bb custom_padding__hover=\u00a0\u00bb|||\u00a0\u00bb][et_pb_text _builder_version=\u00a0\u00bb3.27.4&Prime; header_2_font=\u00a0\u00bbRoboto|700|||||||\u00a0\u00bb header_2_text_color=\u00a0\u00bb#26697b\u00a0\u00bb header_2_font_size=\u00a0\u00bb20px\u00a0\u00bb header_2_line_height=\u00a0\u00bb2.5em\u00a0\u00bb header_3_font=\u00a0\u00bbRoboto||||||||\u00a0\u00bb header_3_text_color=\u00a0\u00bb#26697b\u00a0\u00bb header_3_font_size=\u00a0\u00bb16px\u00a0\u00bb header_3_line_height=\u00a0\u00bb2em\u00a0\u00bb global_colors_info=\u00a0\u00bb{}\u00a0\u00bb]Bien que le syst\u00e8me de sant\u00e9 s\u2019int\u00e9resse de plus en plus au bien-\u00eatre des employ\u00e9s, la sant\u00e9 auditive est parfois un sujet d\u00e9laiss\u00e9, si ce n\u2019est incompris. <strong>Afin de remettre ces enjeux au centre des strat\u00e9gies d\u2019entreprise, l\u2019<a href=\"https:\/\/www.journee-audition.org\/l-association-jna.html\" target=\"_blank\" rel=\"noopener\" class=\"broken_link\">association JNA<\/a> organise la Semaine de la Sant\u00e9 Auditive au Travail,<\/strong> un mouvement de sensibilisation \u00e0 destination des acteurs de la sant\u00e9, de la pr\u00e9vention et de la SST, mais aussi des pouvoirs publics et dirigeants.<\/p>\n<p>&nbsp;<\/p>\n<h2>Sant\u00e9 auditive au travail : quelles cons\u00e9quences de l&rsquo;exposition au bruit\u00a0 ?<\/h2>\n<p>La semaine de la sant\u00e9 auditive au travail a pour objectif de <strong>remettre au centre du d\u00e9bat la question de la perte d\u2019audition et des risques psychosociaux, en<\/strong> <strong>positionnant le bruit au travail comme un enjeu \u00e0 ne pas sous-estimer.<\/strong> Ce d\u00e9bat concerne tous types d\u2019emplois, dans l&rsquo;industrie comme dans le tertiaire.<\/p>\n<h3>Un acc\u00e9l\u00e9rateur de vieillissement de l\u2019oreille<\/h3>\n<p>Le constat r\u00e9alis\u00e9 par la JNA est simple : <strong>si la presbyacousie (l\u2019usure naturelle de l\u2019oreille d\u00fb au vieillissement) est la principale cause de surdit\u00e9, le bruit au travail en est un acc\u00e9l\u00e9rateur.<\/strong> Le bruit est effectivement devenu un r\u00e9el enjeu de la sant\u00e9 auditive dans l\u2019espace de travail, dont les cons\u00e9quences ne sont pas n\u00e9gligeables :<\/p>\n<ul>\n<li><strong>Le vieillissement auditif au sein de l\u2019entreprise.<\/strong> Pr\u00e8s de 40% des professionnels font part de difficult\u00e9s de compr\u00e9hension des conversations \u00ab\u00a0dans un univers bruyant\u00a0\u00bb et 80% souffre de probl\u00e8mes auditifs r\u00e9currents.<\/li>\n<li><strong>L\u2019apparition d\u2019acouph\u00e8nes.<\/strong> Selon l\u2019association, ces derniers \u201caffectent un grand nombre d\u2019actifs au travail, d\u00e9s\u00e9quilibrent l\u2019\u00e9tat de sant\u00e9 et modifie la qualit\u00e9 de vie sociale.\u201d<\/li>\n<li><strong>L\u2019acc\u00e9l\u00e9ration de la presbyacousie.<\/strong> Elle affecte la majorit\u00e9 de la population apr\u00e8s 55 ans. Avec la non mise en place de solutions adapt\u00e9es, il se pourrait que les nouveaux actifs en souffrent d\u00e8s leurs 50 ans !<\/li>\n<\/ul>\n<h3>La JNA veut sensibiliser les pouvoirs publics et les entreprises<\/h3>\n<p><strong>Si la sant\u00e9 auditive au travail est un facteur cl\u00e9 de performance, il s\u2019agit encore de le faire entendre aux entreprises.<\/strong> Afin de d\u00e9bloquer cette situation, le rapport \u00ab Sant\u00e9 au travail : vers un syst\u00e8me simplifi\u00e9 pour une pr\u00e9vention renforc\u00e9e \u00bb a \u00e9t\u00e9 remis au Premier Ministre.\u00a0 Malheureusement, les fonds mis \u00e0 disposition des PME dans le cadre de cette action n\u2019ont pas vocation \u00e0 financer les probl\u00e8mes li\u00e9s au bruit.<\/p>\n<p>La JNA rel\u00e8ve l\u2019importance de la prise en compte de ces facteurs strat\u00e9giques par le gouvernement. Pour l\u2019association, cela ne sera possible que par <strong>une prise de conscience des cons\u00e9quences du bruit sur la sant\u00e9 des professionnels, et par une simplification des r\u00e9glementations de plus en plus complexes<\/strong>, qui font aujourd\u2019hui de la gestion du bruit une contrainte pour l\u2019employeur.<\/p>\n<h2>Bruit au travail : qu&rsquo;en est-il des risques psychosociaux ?<\/h2>\n<p>La JNA souligne qu\u2019au-del\u00e0 des probl\u00e8mes d\u2019audition, <a href=\"https:\/\/www.orosound.com\/fr\/bruit-en-open-space\/\">le bruit augmente les risques psychosociaux<\/a> et peut engendrer du stress, de l&rsquo;anxi\u00e9t\u00e9, voire de l\u2019agressivit\u00e9 au travail.<\/p>\n<h3>Quelles sont les r\u00e9percussions du bruit sur les professionnels ?<\/h3>\n<p>Pr\u00e8s de six actifs en poste sur dix <strong>(59%) d\u00e9clarent \u00eatre g\u00ean\u00e9s \u00ab\u00a0\u00e0 cause du bruit et des nuisances sonores\u00a0\u00bb sur leur lieu de travail, une proportion en hausse de 7 points en un an<\/strong>, selon une enqu\u00eate Ifop d\u00e9voil\u00e9e jeudi. Par ailleurs, plus de huit actifs sur dix (83%) consid\u00e8re que le bruit est susceptible d\u2019avoir des r\u00e9percussions sur leur comportement : fatigue, nervosit\u00e9, agressivit\u00e9 et lassitude.<\/p>\n<p>Cot\u00e9 productivit\u00e9, <strong>72% \u00e9voque des cons\u00e9quences sur la \u00ab\u00a0qualit\u00e9\u00a0\u00bb de leur travail,<\/strong> en particulier sur la rapidit\u00e9 \u00e0 ex\u00e9cuter les t\u00e2ches et la possibilit\u00e9 de se concentrer facilement. Rappelons qu\u2019un actif en poste de travail perd chaque jour plus de 30 minutes de travail \u00e0 cause de la g\u00eane occasionn\u00e9e par le bruit (ifop 2016).<\/p>\n<h3>Encore trop peu de solutions apport\u00e9es par l\u2019employeur<\/h3>\n<p>Les professionnels qui font la d\u00e9marche de <strong>signaler cette g\u00eane s&rsquo;adressent principalement \u00e0 leur hi\u00e9rarchie directe (37%), \u00e0 leur employeur (27%) et \u00e0 la m\u00e9decine du travail (23%).<\/strong><\/p>\n<p>Face \u00e0 cette g\u00eane sonore, peu d&#8217;employeurs proposent pourtant des solutions. <strong>Seulement 28% mettent \u00e0 disposition des dispositifs de protection individuelle<\/strong> \u00e0 l\u2019instar des <a href=\"https:\/\/www.orosound.com\/fr\/tilde-au-bureau\/\">\u00e9couteurs anti-bruit Tilde\u00ae<\/a>, 23% cr\u00e9ent des espaces pour s&rsquo;isoler du bruit, quand 22% r\u00e9am\u00e9nagent l&rsquo;existant.<br \/>\n[\/et_pb_text][\/et_pb_column][\/et_pb_row][et_pb_row _builder_version=\u00a0\u00bb3.25&Prime; background_size=\u00a0\u00bbinitial\u00a0\u00bb background_position=\u00a0\u00bbtop_left\u00a0\u00bb background_repeat=\u00a0\u00bbrepeat\u00a0\u00bb global_colors_info=\u00a0\u00bb{}\u00a0\u00bb][et_pb_column type=\u00a0\u00bb4_4&Prime; _builder_version=\u00a0\u00bb3.25&Prime; custom_padding=\u00a0\u00bb|||\u00a0\u00bb global_colors_info=\u00a0\u00bb{}\u00a0\u00bb custom_padding__hover=\u00a0\u00bb|||\u00a0\u00bb][et_pb_post_nav in_same_term=\u00a0\u00bboff\u00a0\u00bb prev_text=\u00a0\u00bbPr\u00e9c\u00e9dent\u00a0\u00bb next_text=\u00a0\u00bbSuivant\u00a0\u00bb _builder_version=\u00a0\u00bb3.12.2&Prime; global_colors_info=\u00a0\u00bb{}\u00a0\u00bb][\/et_pb_post_nav][\/et_pb_column][\/et_pb_row][\/et_pb_section]<\/p>\n<span class=\"et_bloom_bottom_trigger\"><\/span>","protected":false},"excerpt":{"rendered":"<p>Bien que le syst\u00e8me de sant\u00e9 s\u2019int\u00e9resse de plus en plus au bien-\u00eatre des employ\u00e9s, la sant\u00e9 auditive est parfois un sujet d\u00e9laiss\u00e9, si ce n\u2019est incompris. Afin de remettre ces enjeux au centre des strat\u00e9gies d\u2019entreprise, l\u2019association JNA organise la Semaine de la Sant\u00e9 Auditive au Travail, un mouvement de sensibilisation \u00e0 destination des [&hellip;]<\/p>\n","protected":false},"author":2,"featured_media":124337,"comment_status":"closed","ping_status":"open","sticky":false,"template":"","format":"standard","meta":{"_acf_changed":false,"_seopress_robots_primary_cat":"none","_seopress_titles_title":"Sant\u00e9 Auditive au Travail : quel bilan dresse la JNA ?","_seopress_titles_desc":"La semaine de la sant\u00e9 auditive au travail est un mouvement de sensibilisation \u00e0 destination des pr\u00e9venteurs SST. Quel bilan dresse la JNA ?","_seopress_robots_index":"","_et_pb_use_builder":"on","_et_pb_old_content":"","_et_gb_content_width":"","footnotes":""},"categories":[186,258],"tags":[],"acf":[],"_links":{"self":[{"href":"https:\/\/www.orosound.com\/fr\/wp-json\/wp\/v2\/posts\/124336"}],"collection":[{"href":"https:\/\/www.orosound.com\/fr\/wp-json\/wp\/v2\/posts"}],"about":[{"href":"https:\/\/www.orosound.com\/fr\/wp-json\/wp\/v2\/types\/post"}],"author":[{"embeddable":true,"href":"https:\/\/www.orosound.com\/fr\/wp-json\/wp\/v2\/users\/2"}],"replies":[{"embeddable":true,"href":"https:\/\/www.orosound.com\/fr\/wp-json\/wp\/v2\/comments?post=124336"}],"version-history":[{"count":1,"href":"https:\/\/www.orosound.com\/fr\/wp-json\/wp\/v2\/posts\/124336\/revisions"}],"predecessor-version":[{"id":133474,"href":"https:\/\/www.orosound.com\/fr\/wp-json\/wp\/v2\/posts\/124336\/revisions\/133474"}],"wp:featuredmedia":[{"embeddable":true,"href":"https:\/\/www.orosound.com\/fr\/wp-json\/wp\/v2\/media\/124337"}],"wp:attachment":[{"href":"https:\/\/www.orosound.com\/fr\/wp-json\/wp\/v2\/media?parent=124336"}],"wp:term":[{"taxonomy":"category","embeddable":true,"href":"https:\/\/www.orosound.com\/fr\/wp-json\/wp\/v2\/categories?post=124336"},{"taxonomy":"post_tag","embeddable":true,"href":"https:\/\/www.orosound.com\/fr\/wp-json\/wp\/v2\/tags?post=124336"}],"curies":[{"name":"wp","href":"https:\/\/api.w.org\/{rel}","templated":true}]}}