{"id":118388,"date":"2017-04-18T22:08:46","date_gmt":"2017-04-18T20:08:46","guid":{"rendered":"https:\/\/www.orosound.com\/?p=118388\/"},"modified":"2022-03-31T12:57:41","modified_gmt":"2022-03-31T10:57:41","slug":"amenagement-des-bureaux-qvt","status":"publish","type":"post","link":"https:\/\/www.orosound.com\/fr\/amenagement-des-bureaux-qvt\/","title":{"rendered":"Am\u00e9nagement des bureaux : un outil pour booster la QVT ?"},"content":{"rendered":"<p>[et_pb_section fb_built=\u00a0\u00bb1&Prime; admin_label=\u00a0\u00bbsection\u00a0\u00bb _builder_version=\u00a0\u00bb3.22&Prime; global_colors_info=\u00a0\u00bb{}\u00a0\u00bb][et_pb_row admin_label=\u00a0\u00bbrow\u00a0\u00bb _builder_version=\u00a0\u00bb3.25&Prime; background_size=\u00a0\u00bbinitial\u00a0\u00bb background_position=\u00a0\u00bbtop_left\u00a0\u00bb background_repeat=\u00a0\u00bbrepeat\u00a0\u00bb global_colors_info=\u00a0\u00bb{}\u00a0\u00bb][et_pb_column type=\u00a0\u00bb4_4&Prime; _builder_version=\u00a0\u00bb3.25&Prime; custom_padding=\u00a0\u00bb|||\u00a0\u00bb global_colors_info=\u00a0\u00bb{}\u00a0\u00bb custom_padding__hover=\u00a0\u00bb|||\u00a0\u00bb][et_pb_text _builder_version=\u00a0\u00bb3.27.4&Prime; background_size=\u00a0\u00bbinitial\u00a0\u00bb background_position=\u00a0\u00bbtop_left\u00a0\u00bb background_repeat=\u00a0\u00bbrepeat\u00a0\u00bb use_border_color=\u00a0\u00bboff\u00a0\u00bb global_colors_info=\u00a0\u00bb{}\u00a0\u00bb]<b>L\u2019am\u00e9nagement des bureaux favorise le bien-\u00eatre en entreprise, cela n\u2019est plus sujet \u00e0 d\u00e9bat. Les DET se lancent \u00e0 la poursuite de bureaux de qualit\u00e9 pour satisfaire les exigences de plus en plus fortes des occupants en mati\u00e8re en QVT.<\/b><\/p>\n<p>Le bureau est en pleine mutation. Les cloisons disparaissent, le mobilier est design, les objets de plus en plus intelligents et l\u2019ergonomie sur toutes les l\u00e8vres. La tendance est aux bureaux accueillants et confortables. Et pour cause. L\u2019am\u00e9nagement des bureaux est quasiment unanimement cit\u00e9 comme facteur de bien-\u00eatre, d\u2019efficacit\u00e9 et de motivation au travail (respectivement 94%, 92% et 88% selon le <a href=\"http:\/\/www.actineo.fr\/article\/barometre-actineocsa-2015\" target=\"_blank\" rel=\"noopener\" class=\"broken_link\">barom\u00e8tre Actineo\/CSA de 2015<\/a>). Une \u00e9tude men\u00e9e par OpinionWay en 2016 va m\u00eame plus loin : 79% des actifs fran\u00e7ais d\u00e9clare que cela renforce leur engagement au travail. De fait, un am\u00e9nagement \u201chuman-centric\u201d et convivial \u00e0 la Google est d\u00e9sormais reconnu comme un moyen efficace d\u2019engager, de fid\u00e9liser et d\u2019attirer les collaborateurs.<\/p>\n<p>Ceci \u00e9tant dit, il ne suffit pas d\u2019acheter le dernier mobilier convivial pour am\u00e9liorer bien-\u00eatre et productivit\u00e9. Mais quels crit\u00e8res prendre en compte ? Un mobilier ergonomique \u00e0 l\u2019image des bureaux assis-debout am\u00e9liore le confort physique, mais aussi l\u2019organisation du travail. Les espaces modulables optimisent quant \u00e0 eux la circulation et la collaboration dans l\u2019entreprise. Les solutions acoustiques traditionnelles ou personnelles \u00e0 l&rsquo;instar du <a href=\"https:\/\/www.orosound.com\/fr\/tilde-au-bureau\/\">casque anti bruit pour open-space Tilde<span class=\"st\">\u00ae<\/span><\/a> font retrouver confort et concentration dans <a href=\"https:\/\/www.orosound.com\/fr\/bruit-en-open-space\/\">des espaces de plus en plus d\u00e9cloisonn\u00e9s et bruyants<\/a>. Last but not least : la verdure, la lumi\u00e8re et la qualit\u00e9 de l\u2019air entra\u00eenent bien-\u00eatre et efficacit\u00e9 au quotidien.<\/p>\n<p>Pour r\u00e9pondre \u00e0 cette demande, des innovations en mati\u00e8re d&rsquo;am\u00e9nagement tertiaire et de mobilier \u00e9mergent. Le <a href=\"http:\/\/www.workspace-expo.com\/\" target=\"_blank\" rel=\"noopener\">salon Workspace Expo<\/a> est une bonne occasion de les d\u00e9couvrir, il rassemble chaque ann\u00e9e pr\u00e8s de 10 000 directeurs de l\u2019environnement de travail et achats, architectes ou autres d\u00e9cideurs bien d\u00e9cid\u00e9s \u00e0 construire un environnement propice au bien-\u00eatre de leurs occupants.<br \/>\n[\/et_pb_text][et_pb_post_nav in_same_term=\u00a0\u00bboff\u00a0\u00bb prev_text=\u00a0\u00bbPr\u00e9d\u00e9cent\u00a0\u00bb next_text=\u00a0\u00bbSuivant\u00a0\u00bb _builder_version=\u00a0\u00bb3.0.87&Prime; use_border_color=\u00a0\u00bboff\u00a0\u00bb border_color=\u00a0\u00bb#ffffff\u00a0\u00bb border_style=\u00a0\u00bbsolid\u00a0\u00bb hide_prev=\u00a0\u00bboff\u00a0\u00bb hide_next=\u00a0\u00bboff\u00a0\u00bb global_colors_info=\u00a0\u00bb{}\u00a0\u00bb][\/et_pb_post_nav][\/et_pb_column][\/et_pb_row][\/et_pb_section]<\/p>\n<span class=\"et_bloom_bottom_trigger\"><\/span>","protected":false},"excerpt":{"rendered":"<p>L\u2019am\u00e9nagement des bureaux favorise le bien-\u00eatre en entreprise, cela n\u2019est plus sujet \u00e0 d\u00e9bat. Les DET se lancent \u00e0 la poursuite de bureaux de qualit\u00e9 pour satisfaire les exigences de plus en plus fortes des occupants en mati\u00e8re en QVT. Le bureau est en pleine mutation. Les cloisons disparaissent, le mobilier est design, les objets [&hellip;]<\/p>\n","protected":false},"author":2,"featured_media":118389,"comment_status":"closed","ping_status":"open","sticky":false,"template":"","format":"standard","meta":{"_acf_changed":false,"_seopress_robots_primary_cat":"none","_seopress_titles_title":"Am\u00e9nagement des bureaux : un moyen efficace de booster la QVT ?","_seopress_titles_desc":"Am\u00e9nagement des bureaux. Pourquoi ce facteur est-il quasiment unanimement cit\u00e9 comme vecteur de bien-\u00eatre et de motivation au travail ?","_seopress_robots_index":"","_et_pb_use_builder":"on","_et_pb_old_content":"","_et_gb_content_width":"","footnotes":""},"categories":[186],"tags":[24,43],"acf":[],"_links":{"self":[{"href":"https:\/\/www.orosound.com\/fr\/wp-json\/wp\/v2\/posts\/118388"}],"collection":[{"href":"https:\/\/www.orosound.com\/fr\/wp-json\/wp\/v2\/posts"}],"about":[{"href":"https:\/\/www.orosound.com\/fr\/wp-json\/wp\/v2\/types\/post"}],"author":[{"embeddable":true,"href":"https:\/\/www.orosound.com\/fr\/wp-json\/wp\/v2\/users\/2"}],"replies":[{"embeddable":true,"href":"https:\/\/www.orosound.com\/fr\/wp-json\/wp\/v2\/comments?post=118388"}],"version-history":[{"count":1,"href":"https:\/\/www.orosound.com\/fr\/wp-json\/wp\/v2\/posts\/118388\/revisions"}],"predecessor-version":[{"id":133494,"href":"https:\/\/www.orosound.com\/fr\/wp-json\/wp\/v2\/posts\/118388\/revisions\/133494"}],"wp:featuredmedia":[{"embeddable":true,"href":"https:\/\/www.orosound.com\/fr\/wp-json\/wp\/v2\/media\/118389"}],"wp:attachment":[{"href":"https:\/\/www.orosound.com\/fr\/wp-json\/wp\/v2\/media?parent=118388"}],"wp:term":[{"taxonomy":"category","embeddable":true,"href":"https:\/\/www.orosound.com\/fr\/wp-json\/wp\/v2\/categories?post=118388"},{"taxonomy":"post_tag","embeddable":true,"href":"https:\/\/www.orosound.com\/fr\/wp-json\/wp\/v2\/tags?post=118388"}],"curies":[{"name":"wp","href":"https:\/\/api.w.org\/{rel}","templated":true}]}}